{"id":795,"date":"2017-07-16T16:20:56","date_gmt":"2017-07-16T16:20:56","guid":{"rendered":"http:\/\/af13.de\/?p=795"},"modified":"2017-07-18T05:34:31","modified_gmt":"2017-07-18T05:34:31","slug":"das-zeiss-milvus-1450mm-und-die-insel","status":"publish","type":"post","link":"https:\/\/af13.de\/?p=795","title":{"rendered":"Ein Zeiss Milvus 1,4\/50mm und die Inselfrage"},"content":{"rendered":"<p>Wenn Du nur ein Objektiv auf eine Weltreise mitnehmen k\u00f6nntest, welches w\u00e4re das dann?<\/p>\n<figure id=\"attachment_798\" aria-describedby=\"caption-attachment-798\" style=\"width: 840px\" class=\"wp-caption aligncenter\"><img loading=\"lazy\" decoding=\"async\" class=\"wp-image-798 size-large\" src=\"http:\/\/af13.de\/wp-content\/uploads\/2017\/07\/BL-5150-1024x684.jpg\" alt=\"Milvus 1,4\/50mm\" width=\"840\" height=\"561\" srcset=\"https:\/\/af13.de\/wp-content\/uploads\/2017\/07\/BL-5150-1024x684.jpg 1024w, https:\/\/af13.de\/wp-content\/uploads\/2017\/07\/BL-5150-300x200.jpg 300w, https:\/\/af13.de\/wp-content\/uploads\/2017\/07\/BL-5150-768x513.jpg 768w, https:\/\/af13.de\/wp-content\/uploads\/2017\/07\/BL-5150-1200x801.jpg 1200w, https:\/\/af13.de\/wp-content\/uploads\/2017\/07\/BL-5150.jpg 1600w\" sizes=\"(max-width: 709px) 85vw, (max-width: 909px) 67vw, (max-width: 1362px) 62vw, 840px\" \/><figcaption id=\"caption-attachment-798\" class=\"wp-caption-text\">Das Zeiss Milvus 1,4\/50mm an der Nordseek\u00fcste, kurz vor einem heftigen Regenschauer- macht nichts.<\/figcaption><\/figure>\n<p><!--more-->Sollte mir tats\u00e4chlich jemand einmal diese (Insel-) Frage stellen, w\u00fcrde ich mit einem Zeiss Objektiv antworten. Aber welches? F\u00fcr mich ist in diesem Fall das Zeiss Milvus 1,4\/50mm gesetzt. Warum?<\/p>\n<figure id=\"attachment_797\" aria-describedby=\"caption-attachment-797\" style=\"width: 840px\" class=\"wp-caption aligncenter\"><img loading=\"lazy\" decoding=\"async\" class=\"wp-image-797 size-large\" src=\"http:\/\/af13.de\/wp-content\/uploads\/2017\/07\/BL-5141-1024x684.jpg\" alt=\"Milvus 1,4\/50mm\" width=\"840\" height=\"561\" srcset=\"https:\/\/af13.de\/wp-content\/uploads\/2017\/07\/BL-5141-1024x684.jpg 1024w, https:\/\/af13.de\/wp-content\/uploads\/2017\/07\/BL-5141-300x200.jpg 300w, https:\/\/af13.de\/wp-content\/uploads\/2017\/07\/BL-5141-768x513.jpg 768w, https:\/\/af13.de\/wp-content\/uploads\/2017\/07\/BL-5141-1200x801.jpg 1200w, https:\/\/af13.de\/wp-content\/uploads\/2017\/07\/BL-5141.jpg 1600w\" sizes=\"(max-width: 709px) 85vw, (max-width: 909px) 67vw, (max-width: 1362px) 62vw, 840px\" \/><figcaption id=\"caption-attachment-797\" class=\"wp-caption-text\">Die &#8222;Alte Mole&#8220; am Jadebusen, trotz hoher Kontraste liefert das Objektiv eine exzellente Detailwiedergabe. Feinste Strukturen sind im Bild noch sichtbar.<\/figcaption><\/figure>\n<p>In den letzten Monaten war das Objektiv mein Universalobjektiv f\u00fcr Reportagen, Landschaften, Street und Reisen. Obwohl es kein Leichtgewicht ist, liegt es perfekt in der Hand und \u00fcberzeugt durch seine\u00a0exzellente Abbildungsqualit\u00e4t. Zudem ist es\u00a0sehr robust und sorgf\u00e4ltig gegen Staub und Regen\u00a0abgedichtet. Ich selber sch\u00e4tze besonders, dass kein Autofokus vorhanden ist. Wenn ich selber scharf gestellt habe, bin ich sicher, dass der Fokus genau sitzt und diese zus\u00e4tzliche Baugruppe nicht kaputt gehen kann.<\/p>\n<figure id=\"attachment_802\" aria-describedby=\"caption-attachment-802\" style=\"width: 840px\" class=\"wp-caption aligncenter\"><img loading=\"lazy\" decoding=\"async\" class=\"wp-image-802 size-large\" src=\"http:\/\/af13.de\/wp-content\/uploads\/2017\/07\/BL-5215-1024x694.jpg\" alt=\"Milvus 1,4\/50mm\" width=\"840\" height=\"569\" srcset=\"https:\/\/af13.de\/wp-content\/uploads\/2017\/07\/BL-5215-1024x694.jpg 1024w, https:\/\/af13.de\/wp-content\/uploads\/2017\/07\/BL-5215-300x203.jpg 300w, https:\/\/af13.de\/wp-content\/uploads\/2017\/07\/BL-5215-768x521.jpg 768w, https:\/\/af13.de\/wp-content\/uploads\/2017\/07\/BL-5215-1200x814.jpg 1200w, https:\/\/af13.de\/wp-content\/uploads\/2017\/07\/BL-5215.jpg 1600w\" sizes=\"(max-width: 709px) 85vw, (max-width: 909px) 67vw, (max-width: 1362px) 62vw, 840px\" \/><figcaption id=\"caption-attachment-802\" class=\"wp-caption-text\">Auch hier wieder- keine Angst vor Staub und schlechtem Wetter. Die Aufnahme erfolgte vom Stativ mit Graufilter und l\u00e4ngerer Belichtung<\/figcaption><\/figure>\n<figure id=\"attachment_805\" aria-describedby=\"caption-attachment-805\" style=\"width: 840px\" class=\"wp-caption aligncenter\"><img loading=\"lazy\" decoding=\"async\" class=\"wp-image-805 size-large\" src=\"http:\/\/af13.de\/wp-content\/uploads\/2017\/07\/BL-8508-1024x684.jpg\" alt=\"Zeiss Milvus\" width=\"840\" height=\"561\" srcset=\"https:\/\/af13.de\/wp-content\/uploads\/2017\/07\/BL-8508-1024x684.jpg 1024w, https:\/\/af13.de\/wp-content\/uploads\/2017\/07\/BL-8508-300x200.jpg 300w, https:\/\/af13.de\/wp-content\/uploads\/2017\/07\/BL-8508-768x513.jpg 768w, https:\/\/af13.de\/wp-content\/uploads\/2017\/07\/BL-8508-1200x801.jpg 1200w, https:\/\/af13.de\/wp-content\/uploads\/2017\/07\/BL-8508.jpg 1600w\" sizes=\"(max-width: 709px) 85vw, (max-width: 909px) 67vw, (max-width: 1362px) 62vw, 840px\" \/><figcaption id=\"caption-attachment-805\" class=\"wp-caption-text\">Details herausarbeiten oder aus dem Zusammenhang l\u00f6sen, eine absolute St\u00e4rke des Zeiss Milvus. Hier in einer dramatischeren Entwicklungsausf\u00fchrung.<\/figcaption><\/figure>\n<p>Also eine schwere Frage und eine so einfache Antwort? Ja, manchmal kann es so einfach sein&#8230;<\/p>\n<p>&nbsp;<\/p>\n<p>Link zum <a href=\"https:\/\/www.zeiss.de\/camera-lenses\/fotografie\/produkte\/milvus-objektive\/milvus-1450.html#daten\" target=\"_blank\" rel=\"noopener\">Hersteller<br \/>\n<\/a>Das Zeiss Milvus im eigenen <a href=\"http:\/\/af13.de\/?p=204\">Blog<\/a><\/p>\n<p>&nbsp;<\/p>\n","protected":false},"excerpt":{"rendered":"<p>Wenn Du nur ein Objektiv auf eine Weltreise mitnehmen k\u00f6nntest, welches w\u00e4re das dann?<\/p>\n","protected":false},"author":1,"featured_media":0,"comment_status":"open","ping_status":"open","sticky":false,"template":"","format":"standard","meta":{"footnotes":""},"categories":[20,22,55,26,1,25],"tags":[10,40,8,41],"class_list":["post-795","post","type-post","status-publish","format-standard","hentry","category-50mm","category-d750","category-fotografie","category-milvus","category-uncategorized","category-zeiss","tag-50mm","tag-milvus","tag-nikon","tag-zeiss"],"_links":{"self":[{"href":"https:\/\/af13.de\/index.php?rest_route=\/wp\/v2\/posts\/795"}],"collection":[{"href":"https:\/\/af13.de\/index.php?rest_route=\/wp\/v2\/posts"}],"about":[{"href":"https:\/\/af13.de\/index.php?rest_route=\/wp\/v2\/types\/post"}],"author":[{"embeddable":true,"href":"https:\/\/af13.de\/index.php?rest_route=\/wp\/v2\/users\/1"}],"replies":[{"embeddable":true,"href":"https:\/\/af13.de\/index.php?rest_route=%2Fwp%2Fv2%2Fcomments&post=795"}],"version-history":[{"count":16,"href":"https:\/\/af13.de\/index.php?rest_route=\/wp\/v2\/posts\/795\/revisions"}],"predecessor-version":[{"id":821,"href":"https:\/\/af13.de\/index.php?rest_route=\/wp\/v2\/posts\/795\/revisions\/821"}],"wp:attachment":[{"href":"https:\/\/af13.de\/index.php?rest_route=%2Fwp%2Fv2%2Fmedia&parent=795"}],"wp:term":[{"taxonomy":"category","embeddable":true,"href":"https:\/\/af13.de\/index.php?rest_route=%2Fwp%2Fv2%2Fcategories&post=795"},{"taxonomy":"post_tag","embeddable":true,"href":"https:\/\/af13.de\/index.php?rest_route=%2Fwp%2Fv2%2Ftags&post=795"}],"curies":[{"name":"wp","href":"https:\/\/api.w.org\/{rel}","templated":true}]}}